{"id":25433,"date":"2026-01-09T15:21:24","date_gmt":"2026-01-09T20:21:24","guid":{"rendered":"https:\/\/www.abacentersnj.com\/?p=25433"},"modified":"2026-01-09T15:23:01","modified_gmt":"2026-01-09T20:23:01","slug":"autismo-y-salud-mental","status":"publish","type":"post","link":"https:\/\/www.abacentersnj.com\/es\/blog\/autismo-y-salud-mental\/","title":{"rendered":"Autismo y Salud Mental: Comprendiendo el Bienestar Emocional dentro del Espectro"},"content":{"rendered":"<div data-elementor-type=\"wp-post\" data-elementor-id=\"25433\" class=\"elementor elementor-25433\" data-elementor-post-type=\"post\">\n\t\t\t\t<div class=\"elementor-element elementor-element-e07b51d e-flex e-con-boxed e-con e-parent\" data-id=\"e07b51d\" data-element_type=\"container\" data-e-type=\"container\">\n\t\t\t\t\t<div class=\"e-con-inner\">\n\t\t\t\t<div class=\"elementor-element elementor-element-00f55d2 elementor-toc--minimized-on-tablet elementor-widget elementor-widget-table-of-contents\" data-id=\"00f55d2\" data-element_type=\"widget\" data-e-type=\"widget\" data-settings=\"{&quot;headings_by_tags&quot;:[&quot;h2&quot;],&quot;exclude_headings_by_selector&quot;:[],&quot;no_headings_message&quot;:&quot;No headings were found on this page.&quot;,&quot;marker_view&quot;:&quot;numbers&quot;,&quot;minimize_box&quot;:&quot;yes&quot;,&quot;minimized_on&quot;:&quot;tablet&quot;,&quot;hierarchical_view&quot;:&quot;yes&quot;,&quot;min_height&quot;:{&quot;unit&quot;:&quot;px&quot;,&quot;size&quot;:&quot;&quot;,&quot;sizes&quot;:[]},&quot;min_height_tablet&quot;:{&quot;unit&quot;:&quot;px&quot;,&quot;size&quot;:&quot;&quot;,&quot;sizes&quot;:[]},&quot;min_height_mobile&quot;:{&quot;unit&quot;:&quot;px&quot;,&quot;size&quot;:&quot;&quot;,&quot;sizes&quot;:[]}}\" data-widget_type=\"table-of-contents.default\">\n\t\t\t\t<div class=\"elementor-widget-container\">\n\t\t\t\t\t\t\t\t\t<div class=\"elementor-toc__header\">\n\t\t\t\t\t\t<h4 class=\"elementor-toc__header-title\">\n\t\t\t\tTabla de contenido\t\t\t<\/h4>\n\t\t\t\t\t\t\t\t\t\t<div class=\"elementor-toc__toggle-button elementor-toc__toggle-button--expand\" role=\"button\" tabindex=\"0\" aria-controls=\"elementor-toc__00f55d2\" aria-expanded=\"true\" aria-label=\"Abrir la tabla de contenidos\" data-no-translation-aria-label=\"\"><i aria-hidden=\"true\" class=\"fas fa-chevron-down\"><\/i><\/div>\n\t\t\t\t<div class=\"elementor-toc__toggle-button elementor-toc__toggle-button--collapse\" role=\"button\" tabindex=\"0\" aria-controls=\"elementor-toc__00f55d2\" aria-expanded=\"true\" aria-label=\"Cerrar la tabla de contenidos\" data-no-translation-aria-label=\"\"><i aria-hidden=\"true\" class=\"fas fa-chevron-up\"><\/i><\/div>\n\t\t\t\t\t<\/div>\n\t\t\t\t<div id=\"elementor-toc__00f55d2\" class=\"elementor-toc__body\">\n\t\t\t<div class=\"elementor-toc__spinner-container\">\n\t\t\t\t<i class=\"elementor-toc__spinner eicon-animation-spin eicon-loading\" aria-hidden=\"true\"><\/i>\t\t\t<\/div>\n\t\t<\/div>\n\t\t\t\t\t\t<\/div>\n\t\t\t\t<\/div>\n\t\t\t\t<div class=\"elementor-element elementor-element-1a81cf7 elementor-widget elementor-widget-text-editor\" data-id=\"1a81cf7\" data-element_type=\"widget\" data-e-type=\"widget\" data-widget_type=\"text-editor.default\">\n\t\t\t\t<div class=\"elementor-widget-container\">\n\t\t\t\t\t\t\t\t\t<h2><strong>\u00bfQu\u00e9 Problemas de Salud Mental son Comunes en el Autismo?<\/strong><\/h2><p>Hablar de autismo y salud mental, es entender la experiencia completa y \u00fanica de<strong> <a href=\"https:\/\/www.abacentersnj.com\/es\/blog\/vivir-con-autismo-acogiendo-la-neurodiversidad\/\" target=\"_blank\" rel=\"noopener\">vivir dentro del espectro autista<\/a><\/strong>. El autismo influye en c\u00f3mo una persona ve el mundo, se conecta con los dem\u00e1s y navega la vida diaria, pero tambi\u00e9n impacta los sentimientos, las relaciones y el sentido de identidad. La salud mental y el autismo est\u00e1n estrechamente conectados. Van de la mano, moldeando los momentos cotidianos desde lo m\u00e1s profundo.<\/p><p>Para muchas personas con trastorno del espectro autista (TEA), los desaf\u00edos de salud mental no surgen del diagn\u00f3stico en s\u00ed. Se desarrollan por la adaptaci\u00f3n constante a entornos que pueden sentirse abrumadores, impredecibles o socialmente exigentes.<\/p><p>La sobrecarga sensorial, las barreras de comunicaci\u00f3n, la presi\u00f3n por encajar y los malentendidos constantes pueden acumularse con el tiempo. Incluso quienes parecen ser independientes o \u201cexitosos\u201d pueden estar luchando internamente con ansiedad, estado de \u00e1nimo bajo o agotamiento emocional.<\/p><p>Comprender el autismo y la salud mental como un conjunto permite que las familias, los cuidadores y los profesionales respondan de una manera m\u00e1s emp\u00e1tica. Cambia el enfoque de solo \u201cmanejar comportamientos\u201d a apoyar el bienestar emocional, la resiliencia y el autoconocimiento.<\/p><p>Este blog de <strong>ABA Centers of New Jersey<\/strong> explora por qu\u00e9 la salud mental es importante en el autismo, cu\u00e1les son los desaf\u00edos m\u00e1s comunes que viven las personas dentro del espectro y c\u00f3mo las familias pueden aprender a reconocer el malestar emocional en sus seres queridos con TEA para un mayor bienestar a lo largo de la vida.<\/p><h2><strong>\u00bfPor Qu\u00e9 la Salud Mental Importa en el Autismo?<\/strong><\/h2>\t\t\t\t\t\t\t\t<\/div>\n\t\t\t\t<\/div>\n\t\t\t\t\t<\/div>\n\t\t\t\t<\/div>\n\t\t<div class=\"elementor-element elementor-element-b924a07 e-flex e-con-boxed e-con e-parent\" data-id=\"b924a07\" data-element_type=\"container\" data-e-type=\"container\">\n\t\t\t\t\t<div class=\"e-con-inner\">\n\t\t<div class=\"elementor-element elementor-element-e9054c9 e-con-full e-flex e-con e-child\" data-id=\"e9054c9\" data-element_type=\"container\" data-e-type=\"container\">\n\t\t\t\t<div class=\"elementor-element elementor-element-616e5fb elementor-widget elementor-widget-text-editor\" data-id=\"616e5fb\" data-element_type=\"widget\" data-e-type=\"widget\" data-widget_type=\"text-editor.default\">\n\t\t\t\t<div class=\"elementor-widget-container\">\n\t\t\t\t\t\t\t\t\t<p>La salud mental influye en c\u00f3mo una persona enfrenta el estr\u00e9s, procesa las emociones y se relaciona con los dem\u00e1s. Para las personas con autismo, la salud mental cumple un papel vital porque las experiencias del d\u00eda a d\u00eda suelen requerir un mayor esfuerzo.<\/p><p>Los est\u00edmulos sensoriales pueden sentirse intensos, las interacciones sociales pueden exigir una interpretaci\u00f3n constante y los cambios en la rutina pueden detonar ansiedad.<\/p>\t\t\t\t\t\t\t\t<\/div>\n\t\t\t\t<\/div>\n\t\t\t\t<\/div>\n\t\t<div class=\"elementor-element elementor-element-65c0126 e-con-full e-flex e-con e-child\" data-id=\"65c0126\" data-element_type=\"container\" data-e-type=\"container\">\n\t\t\t\t<div class=\"elementor-element elementor-element-4dcd650 elementor-widget elementor-widget-image\" data-id=\"4dcd650\" data-element_type=\"widget\" data-e-type=\"widget\" data-widget_type=\"image.default\">\n\t\t\t\t<div class=\"elementor-widget-container\">\n\t\t\t\t\t\t\t\t\t\t\t\t\t\t\t<img fetchpriority=\"high\" decoding=\"async\" width=\"1024\" height=\"1024\" src=\"https:\/\/www.abacentersnj.com\/wp-content\/uploads\/Young-child-hugging-a-plush-toy-while-sitting-alone-suggesting-autism-and-emotional-support.jpg\" class=\"attachment-large size-large wp-image-25435\" alt=\"Young child hugging a plush toy while sitting alone, suggesting autism and emotional support\" srcset=\"https:\/\/www.abacentersnj.com\/wp-content\/uploads\/Young-child-hugging-a-plush-toy-while-sitting-alone-suggesting-autism-and-emotional-support.jpg 1024w, https:\/\/www.abacentersnj.com\/wp-content\/uploads\/Young-child-hugging-a-plush-toy-while-sitting-alone-suggesting-autism-and-emotional-support-300x300.jpg 300w, https:\/\/www.abacentersnj.com\/wp-content\/uploads\/Young-child-hugging-a-plush-toy-while-sitting-alone-suggesting-autism-and-emotional-support-150x150.jpg 150w, https:\/\/www.abacentersnj.com\/wp-content\/uploads\/Young-child-hugging-a-plush-toy-while-sitting-alone-suggesting-autism-and-emotional-support-768x768.jpg 768w, https:\/\/www.abacentersnj.com\/wp-content\/uploads\/Young-child-hugging-a-plush-toy-while-sitting-alone-suggesting-autism-and-emotional-support-12x12.jpg 12w\" sizes=\"(max-width: 1024px) 100vw, 1024px\" title=\"\">\t\t\t\t\t\t\t\t\t\t\t\t\t\t\t<\/div>\n\t\t\t\t<\/div>\n\t\t\t\t<\/div>\n\t\t\t\t\t<\/div>\n\t\t\t\t<\/div>\n\t\t<div class=\"elementor-element elementor-element-92b2212 e-flex e-con-boxed e-con e-parent\" data-id=\"92b2212\" data-element_type=\"container\" data-e-type=\"container\">\n\t\t\t\t\t<div class=\"e-con-inner\">\n\t\t\t\t<div class=\"elementor-element elementor-element-c5f072a elementor-widget elementor-widget-text-editor\" data-id=\"c5f072a\" data-element_type=\"widget\" data-e-type=\"widget\" data-widget_type=\"text-editor.default\">\n\t\t\t\t<div class=\"elementor-widget-container\">\n\t\t\t\t\t\t\t\t\t<p><a href=\"https:\/\/pmc.ncbi.nlm.nih.gov\/articles\/PMC10482712\/\" target=\"_blank\" rel=\"noopener\"><strong>Psychological Medicine<\/strong><\/a> sugiere que entre el 54% y el 94% de las personas dentro del espectro desarrollan una condici\u00f3n de salud mental a lo largo de su vida, en comparaci\u00f3n con la poblaci\u00f3n general. Esto no significa que el autismo cause una enfermedad mental; m\u00e1s bien, refleja el impacto emocional de navegar entornos que no siempre est\u00e1n dise\u00f1ados considerando las necesidades de la comunidad autista.<\/p><p>Cuando la salud mental en el autismo recibe atenci\u00f3n y apoyo, las personas suelen mostrar una mejor regulaci\u00f3n emocional, habilidades de afrontamiento m\u00e1s s\u00f3lidas y mayor confianza.<\/p><h2><strong>Desaf\u00edos Comunes de Salud Mental en el Autismo<\/strong><\/h2><p>Los retos de salud mental en el autismo pueden verse diferentes seg\u00fan la edad, el estilo de comunicaci\u00f3n y el entorno. Algunos aparecen temprano en la infancia, mientras que otros se hacen m\u00e1s evidentes despu\u00e9s, cuando aumentan las demandas sociales y acad\u00e9micas.<\/p><p>Estos son algunos de los desaf\u00edos m\u00e1s comunes de salud mental en el autismo:<\/p><ol><li><h3><strong>Ansiedad<\/strong><\/h3><\/li><\/ol><p><a href=\"https:\/\/www.abacentersnj.com\/es\/blog\/la-ansiedad-y-el-autismo\/\" target=\"_blank\" rel=\"noopener\"><strong>Ansiedad<\/strong><\/a> es una de las preocupaciones de salud mental m\u00e1s comunes en el autismo, con una prevalencia que va del 22% al 84%, seg\u00fan <a href=\"https:\/\/pmc.ncbi.nlm.nih.gov\/articles\/PMC5764108\/\" target=\"_blank\" rel=\"noopener\"><strong>Current Opinion in Psychiatry.<\/strong><\/a> . Puede estar relacionada con la incertidumbre, las transiciones, la sobrecarga sensorial o las expectativas sociales. Y no siempre se ve como \u201cpreocupaci\u00f3n verbal\u201d. Puede aparecer como evitaci\u00f3n, rigidez, irritabilidad, aumento de conductas repetitivas o como bloqueo emocional.<\/p><ol start=\"2\"><li><h3><strong>Depression<\/strong><\/h3><\/li><\/ol><p>La depresi\u00f3n puede desarrollarse cuando una persona se siente incomprendida, aislada o abrumada. Las personas neurodivergentes pueden tener dificultad para expresar la tristeza con palabras, lo que retrasa su identificaci\u00f3n. Cambios en la motivaci\u00f3n, el sue\u00f1o, el apetito o el nivel de participaci\u00f3n suelen dar pistas importantes.<\/p><ol start=\"3\"><li><h3><strong>Desregulaci\u00f3n Emocional<\/strong><\/h3><\/li><\/ol><p>Muchas personas dentro del espectro autista experimentan las emociones con gran intensidad. La dificultad para identificar, procesar o comunicar lo que sienten puede llevar a reacciones emocionales repentinas o a un malestar prolongado. La desregulaci\u00f3n emocional suele reflejar sobrecarga, no es un comportamiento intencional.<\/p><ol start=\"4\"><li><h3><strong>Estr\u00e9s y Agotamiento en el Autismo<\/strong><\/h3><\/li><\/ol><p><img decoding=\"async\" class=\"alignnone wp-image-25436 size-large\" src=\"https:\/\/www.abacentersnj.com\/wp-content\/uploads\/Kid-with-autism-showing-emotional-dysregulation-1024x576.jpg\" alt=\"Kid with autism showing emotional dysregulation\" width=\"1024\" height=\"576\" title=\"\" srcset=\"https:\/\/www.abacentersnj.com\/wp-content\/uploads\/Kid-with-autism-showing-emotional-dysregulation-1024x576.jpg 1024w, https:\/\/www.abacentersnj.com\/wp-content\/uploads\/Kid-with-autism-showing-emotional-dysregulation-300x169.jpg 300w, https:\/\/www.abacentersnj.com\/wp-content\/uploads\/Kid-with-autism-showing-emotional-dysregulation-768x432.jpg 768w, https:\/\/www.abacentersnj.com\/wp-content\/uploads\/Kid-with-autism-showing-emotional-dysregulation-1536x864.jpg 1536w, https:\/\/www.abacentersnj.com\/wp-content\/uploads\/Kid-with-autism-showing-emotional-dysregulation-18x10.jpg 18w, https:\/\/www.abacentersnj.com\/wp-content\/uploads\/Kid-with-autism-showing-emotional-dysregulation.jpg 1920w\" sizes=\"(max-width: 1024px) 100vw, 1024px\" \/><\/p><p>El estr\u00e9s a largo plazo, especialmente cuando se relaciona con enmascarar rasgos o adaptarse de forma constante, puede llevar al agotamiento. El agotamiento puede incluir cansancio extremo, aislamiento, p\u00e9rdida de habilidades y aumento de la sensibilidad sensorial. Tanto adolescentes como adultos suelen vivir esto en etapas de alta exigencia.<\/p><p>Por ejemplo, un estudio de la <a href=\"https:\/\/journals.sagepub.com\/doi\/10.1177\/13623613251380340\" target=\"_blank\" rel=\"noopener\"><strong>National Autistic Society<\/strong><\/a> examin\u00f3 c\u00f3mo se relacionan el camuflaje, el agotamiento y las expectativas culturales en adultos j\u00f3venes latinos con autismo. Los participantes reportaron niveles de agotamiento de moderados a altos y usaban con frecuencia estrategias de camuflaje, especialmente la compensaci\u00f3n. Valores culturales, como las expectativas familiares fuertes y los roles tradicionales, se asociaron con mayor agotamiento e influyeron en c\u00f3mo las personas \u201ccamuflaban\u201d sus rasgos. Aunque el camuflaje se relacion\u00f3 con mejor funcionamiento cotidiano, tambi\u00e9n predijo mayores niveles de ansiedad y depresi\u00f3n.<\/p><p>Entender estos desaf\u00edos ayuda a que los cuidadores respondan con empat\u00eda en lugar de presi\u00f3n.<\/p><h2><strong>\u00bfPor Qu\u00e9 las Preocupaciones de Salud Mental a Menudo Pasan Desapercibidas?<\/strong><\/h2><p>Los desaf\u00edos de salud mental afectan a personas en todo el mundo y pueden impactar a cualquiera. Sin embargo, para las personas con autismo, estos retos a menudo pasan desapercibidos por varias razones, entre ellas:<\/p><ul><li>Diferencias en la comunicaci\u00f3n que dificultan expresar emociones o pedir ayuda<\/li><li>Malestar emocional que otros confunden con \u201cproblemas de comportamiento\u201d o asumen que es \u201cparte del autismo\u201d<\/li><li>Enmascarar emociones para encajar en la escuela, el trabajo o situaciones sociales<\/li><\/ul><p><strong><a href=\"https:\/\/www.abacentersnj.com\/es\/blog\/enmascaramiento-del-autismo-6-signos-comunes\/\" target=\"_blank\" rel=\"noopener\">El enmascaramiento<\/a> <\/strong>puede hacer que la ansiedad o la depresi\u00f3n sean dif\u00edciles de detectar hasta que se vuelven abrumadoras. A veces, las \u00fanicas se\u00f1ales son cambios sutiles \u2014como alejarse de los dem\u00e1s, perder el inter\u00e9s en las actividades favoritas o tener m\u00e1s dificultad con las rutinas\u2014 que le indican silenciosamente a padres y cuidadores que algo no est\u00e1 bien.<\/p><h2><strong>C\u00f3mo Reconocer los Desaf\u00edos de Salud Mental en Personas con Autismo<\/strong><\/h2><p>Ahora que sabemos por qu\u00e9 los desaf\u00edos de salud mental en el autismo no siempre son f\u00e1ciles de identificar, veamos c\u00f3mo pueden notarlos padres y cuidadores.<\/p><p>Algunos posibles indicadores incluyen:<\/p><ul><li>Mayor ansiedad en situaciones familiares<\/li><li>Aumento de la sensibilidad sensorial<\/li><li>Cambios en el sue\u00f1o o el apetito<\/li><li>Aislamiento de actividades preferidas<\/li><li>Mayor irritabilidad o reactividad emocional<\/li><li>P\u00e9rdida de habilidades<\/li><li>Bajo estado de \u00e1nimo persistente o falta de motivaci\u00f3n<\/li><\/ul><p>Estas se\u00f1ales no significan que haya \u201calgo malo\u201d en la persona. Sin embargo, s\u00ed indican que necesita apoyo.<\/p><h2><strong>C\u00f3mo Padres y Cuidadores Pueden Apoyar la Salud Mental<\/strong><\/h2><p>Las familias cumplen un rol central en el apoyo del autismo y la salud mental. La seguridad emocional comienza en casa, donde las personas se sienten aceptadas y comprendidas.<\/p>\t\t\t\t\t\t\t\t<\/div>\n\t\t\t\t<\/div>\n\t\t\t\t\t<\/div>\n\t\t\t\t<\/div>\n\t\t<div class=\"elementor-element elementor-element-7a7ebb6 e-flex e-con-boxed e-con e-parent\" data-id=\"7a7ebb6\" data-element_type=\"container\" data-e-type=\"container\">\n\t\t\t\t\t<div class=\"e-con-inner\">\n\t\t<div class=\"elementor-element elementor-element-ee8de03 e-con-full e-flex e-con e-child\" data-id=\"ee8de03\" data-element_type=\"container\" data-e-type=\"container\">\n\t\t\t\t<div class=\"elementor-element elementor-element-385f06d elementor-widget elementor-widget-text-editor\" data-id=\"385f06d\" data-element_type=\"widget\" data-e-type=\"widget\" data-widget_type=\"text-editor.default\">\n\t\t\t\t<div class=\"elementor-widget-container\">\n\t\t\t\t\t\t\t\t\t<p>Los padres y cuidadores pueden ayudar al:<\/p><ul><li>Mantener rutinas predecibles<\/li><li>Preparar a los ni\u00f1os para los cambios<\/li><li>Validar emociones y ense\u00f1ar vocabulario emocional<\/li><li>Dar espacio para pausas y descansos<\/li><li>Reducir la sobrecarga sensorial<\/li><li>Abogar por adaptaciones en la escuela o en la comunidad<\/li><\/ul>\t\t\t\t\t\t\t\t<\/div>\n\t\t\t\t<\/div>\n\t\t\t\t<\/div>\n\t\t<div class=\"elementor-element elementor-element-f3cfd8c e-con-full e-flex e-con e-child\" data-id=\"f3cfd8c\" data-element_type=\"container\" data-e-type=\"container\">\n\t\t\t\t<div class=\"elementor-element elementor-element-44bb826 elementor-widget elementor-widget-image\" data-id=\"44bb826\" data-element_type=\"widget\" data-e-type=\"widget\" data-widget_type=\"image.default\">\n\t\t\t\t<div class=\"elementor-widget-container\">\n\t\t\t\t\t\t\t\t\t\t\t\t\t\t\t<img decoding=\"async\" width=\"1024\" height=\"1024\" src=\"https:\/\/www.abacentersnj.com\/wp-content\/uploads\/Comforting-hug-highlighting-care-and-emotional-support.jpg\" class=\"attachment-large size-large wp-image-25437\" alt=\"Comforting hug highlighting care and emotional support\" srcset=\"https:\/\/www.abacentersnj.com\/wp-content\/uploads\/Comforting-hug-highlighting-care-and-emotional-support.jpg 1024w, https:\/\/www.abacentersnj.com\/wp-content\/uploads\/Comforting-hug-highlighting-care-and-emotional-support-300x300.jpg 300w, https:\/\/www.abacentersnj.com\/wp-content\/uploads\/Comforting-hug-highlighting-care-and-emotional-support-150x150.jpg 150w, https:\/\/www.abacentersnj.com\/wp-content\/uploads\/Comforting-hug-highlighting-care-and-emotional-support-768x768.jpg 768w, https:\/\/www.abacentersnj.com\/wp-content\/uploads\/Comforting-hug-highlighting-care-and-emotional-support-12x12.jpg 12w\" sizes=\"(max-width: 1024px) 100vw, 1024px\" title=\"\">\t\t\t\t\t\t\t\t\t\t\t\t\t\t\t<\/div>\n\t\t\t\t<\/div>\n\t\t\t\t<\/div>\n\t\t\t\t\t<\/div>\n\t\t\t\t<\/div>\n\t\t<div class=\"elementor-element elementor-element-7695d1d e-flex e-con-boxed e-con e-parent\" data-id=\"7695d1d\" data-element_type=\"container\" data-e-type=\"container\">\n\t\t\t\t\t<div class=\"e-con-inner\">\n\t\t\t\t<div class=\"elementor-element elementor-element-1e206d5 elementor-widget elementor-widget-text-editor\" data-id=\"1e206d5\" data-element_type=\"widget\" data-e-type=\"widget\" data-widget_type=\"text-editor.default\">\n\t\t\t\t<div class=\"elementor-widget-container\">\n\t\t\t\t\t\t\t\t\t<p>Y, sobre todo, escuchar sin juicio construye confianza. Cuando una persona se siente escuchada, es m\u00e1s probable que exprese sus necesidades emocionales antes de que el malestar escale.<\/p><h2><strong>C\u00f3mo la Terapia ABA Apoya el Bienestar Mental y Emocional<\/strong><\/h2><p>La terapia ABA no diagnostica ni trata de manera directa los trastornos de salud mental. Sin embargo, cumple un papel complementario al apoyar la salud mental en el autismo. Los profesionales de ABA pueden ayudar en temas de salud mental en el autismo al:<\/p><ul><li>Ense\u00f1ar comunicaci\u00f3n funcional para expresar necesidades y emociones<\/li><li>Apoyar estrategias de regulaci\u00f3n emocional<\/li><li>Aumentar la predictibilidad y la estructura<\/li><li>Reducir comportamientos vinculados al estr\u00e9s<\/li><li>Fortalecer la independencia y la confianza<\/li><\/ul><p>A medida que las personas adquieren herramientas para navegar la vida diaria, la carga emocional suele disminuir. El desarrollo de habilidades y la salud mental se refuerzan mutuamente.<\/p>\t\t\t\t\t\t\t\t<\/div>\n\t\t\t\t<\/div>\n\t\t\t\t<div class=\"elementor-element elementor-element-a766a6a elementor-align-center elementor-widget elementor-widget-button\" data-id=\"a766a6a\" data-element_type=\"widget\" data-e-type=\"widget\" data-widget_type=\"button.default\">\n\t\t\t\t<div class=\"elementor-widget-container\">\n\t\t\t\t\t\t\t\t\t<div class=\"elementor-button-wrapper\">\n\t\t\t\t\t<a class=\"elementor-button elementor-button-link elementor-size-sm\" href=\"https:\/\/www.abacentersnj.com\/es\/servicios-para-el-autismo\/terapia-aba-para-ninos\/\" target=\"_blank\">\n\t\t\t\t\t\t<span class=\"elementor-button-content-wrapper\">\n\t\t\t\t\t\t\t\t\t<span class=\"elementor-button-text\">Terapia ABA Para Ni\u00f1os<\/span>\n\t\t\t\t\t<\/span>\n\t\t\t\t\t<\/a>\n\t\t\t\t<\/div>\n\t\t\t\t\t\t\t\t<\/div>\n\t\t\t\t<\/div>\n\t\t\t\t<div class=\"elementor-element elementor-element-6578f12 elementor-widget elementor-widget-spacer\" data-id=\"6578f12\" data-element_type=\"widget\" data-e-type=\"widget\" data-widget_type=\"spacer.default\">\n\t\t\t\t<div class=\"elementor-widget-container\">\n\t\t\t\t\t\t\t<div class=\"elementor-spacer\">\n\t\t\t<div class=\"elementor-spacer-inner\"><\/div>\n\t\t<\/div>\n\t\t\t\t\t\t<\/div>\n\t\t\t\t<\/div>\n\t\t\t\t<div class=\"elementor-element elementor-element-5079ceb elementor-widget elementor-widget-text-editor\" data-id=\"5079ceb\" data-element_type=\"widget\" data-e-type=\"widget\" data-widget_type=\"text-editor.default\">\n\t\t\t\t<div class=\"elementor-widget-container\">\n\t\t\t\t\t\t\t\t\t<h2><strong>C\u00f3mo ABA Centers of New Jersey Apoya el Crecimiento Mental y Emocional<\/strong><\/h2><p>En <strong>ABA Centers of New Jersey<\/strong>, reconocemos que la atenci\u00f3n del autismo debe abordar el bienestar emocional junto con el desarrollo de habilidades. Apoyar a personas dentro del espectro significa entender c\u00f3mo el estr\u00e9s, las emociones y la salud mental moldean el aprendizaje y el comportamiento.<\/p><p>Nuestro enfoque incluye terapia ABA individualizada, estrategias de regulaci\u00f3n emocional, colaboraci\u00f3n con la familia y respeto por las necesidades y fortalezas \u00fanicas de cada persona. Ayudamos a las personas a crecer con confianza, resiliencia y conciencia emocional.<\/p><p>Si tienes preguntas o quieres aprender m\u00e1s sobre c\u00f3mo ABA puede apoyar el camino de tu ser querido, estamos aqu\u00ed para ayudarte.<\/p><p>Comun\u00edcate con nosotros al<a href=\"tel:+18556407888\" target=\"_blank\" rel=\"noopener\">\u00a0<strong>(855) 640-7888<\/strong><\/a> o <a href=\"https:\/\/www.abacentersnj.com\/es\/contactanos\/\" target=\"_blank\" rel=\"noopener\"><strong>cont\u00e1ctanos en l\u00ednea<\/strong><\/a> para hablar con un integrante de nuestro equipo con calidez y empat\u00eda. Con orgullo atendemos a familias en Bridgewater, Edison, Hackensack, Hoboken, Freehold y en todo New Jersey.<\/p><p>No importa en qu\u00e9 etapa del camino est\u00e9s: no tienes que hacerlo sola\/o. Trabajemos juntos por d\u00edas m\u00e1s tranquilos y brillantes.<\/p>\t\t\t\t\t\t\t\t<\/div>\n\t\t\t\t<\/div>\n\t\t\t\t\t<\/div>\n\t\t\t\t<\/div>\n\t\t\t\t<\/div>","protected":false},"excerpt":{"rendered":"<p>Learn how autism and mental health intersect, common emotional challenges, and how to support emotional well-being in children with ASD.<\/p>","protected":false},"author":15,"featured_media":25434,"comment_status":"closed","ping_status":"open","sticky":false,"template":"","format":"standard","meta":{"site-sidebar-layout":"default","site-content-layout":"","ast-site-content-layout":"default","site-content-style":"default","site-sidebar-style":"default","ast-global-header-display":"","ast-banner-title-visibility":"","ast-main-header-display":"","ast-hfb-above-header-display":"","ast-hfb-below-header-display":"","ast-hfb-mobile-header-display":"","site-post-title":"","ast-breadcrumbs-content":"","ast-featured-img":"","footer-sml-layout":"","theme-transparent-header-meta":"","adv-header-id-meta":"","stick-header-meta":"","header-above-stick-meta":"","header-main-stick-meta":"","header-below-stick-meta":"","astra-migrate-meta-layouts":"set","ast-page-background-enabled":"default","ast-page-background-meta":{"desktop":{"background-color":"","background-image":"","background-repeat":"repeat","background-position":"center center","background-size":"auto","background-attachment":"scroll","background-type":"","background-media":"","overlay-type":"","overlay-color":"","overlay-opacity":"","overlay-gradient":""},"tablet":{"background-color":"","background-image":"","background-repeat":"repeat","background-position":"center center","background-size":"auto","background-attachment":"scroll","background-type":"","background-media":"","overlay-type":"","overlay-color":"","overlay-opacity":"","overlay-gradient":""},"mobile":{"background-color":"","background-image":"","background-repeat":"repeat","background-position":"center center","background-size":"auto","background-attachment":"scroll","background-type":"","background-media":"","overlay-type":"","overlay-color":"","overlay-opacity":"","overlay-gradient":""}},"ast-content-background-meta":{"desktop":{"background-color":"var(--ast-global-color-5)","background-image":"","background-repeat":"repeat","background-position":"center center","background-size":"auto","background-attachment":"scroll","background-type":"","background-media":"","overlay-type":"","overlay-color":"","overlay-opacity":"","overlay-gradient":""},"tablet":{"background-color":"var(--ast-global-color-5)","background-image":"","background-repeat":"repeat","background-position":"center center","background-size":"auto","background-attachment":"scroll","background-type":"","background-media":"","overlay-type":"","overlay-color":"","overlay-opacity":"","overlay-gradient":""},"mobile":{"background-color":"var(--ast-global-color-5)","background-image":"","background-repeat":"repeat","background-position":"center center","background-size":"auto","background-attachment":"scroll","background-type":"","background-media":"","overlay-type":"","overlay-color":"","overlay-opacity":"","overlay-gradient":""}},"footnotes":""},"categories":[15],"tags":[239,241,240],"class_list":["post-25433","post","type-post","status-publish","format-standard","has-post-thumbnail","hentry","category-blog","tag-autism-and-mental-health","tag-emotional-well-being-in-autism","tag-mental-health-support-in-autism"],"_links":{"self":[{"href":"https:\/\/www.abacentersnj.com\/es\/wp-json\/wp\/v2\/posts\/25433","targetHints":{"allow":["GET"]}}],"collection":[{"href":"https:\/\/www.abacentersnj.com\/es\/wp-json\/wp\/v2\/posts"}],"about":[{"href":"https:\/\/www.abacentersnj.com\/es\/wp-json\/wp\/v2\/types\/post"}],"author":[{"embeddable":true,"href":"https:\/\/www.abacentersnj.com\/es\/wp-json\/wp\/v2\/users\/15"}],"replies":[{"embeddable":true,"href":"https:\/\/www.abacentersnj.com\/es\/wp-json\/wp\/v2\/comments?post=25433"}],"version-history":[{"count":0,"href":"https:\/\/www.abacentersnj.com\/es\/wp-json\/wp\/v2\/posts\/25433\/revisions"}],"wp:featuredmedia":[{"embeddable":true,"href":"https:\/\/www.abacentersnj.com\/es\/wp-json\/wp\/v2\/media\/25434"}],"wp:attachment":[{"href":"https:\/\/www.abacentersnj.com\/es\/wp-json\/wp\/v2\/media?parent=25433"}],"wp:term":[{"taxonomy":"category","embeddable":true,"href":"https:\/\/www.abacentersnj.com\/es\/wp-json\/wp\/v2\/categories?post=25433"},{"taxonomy":"post_tag","embeddable":true,"href":"https:\/\/www.abacentersnj.com\/es\/wp-json\/wp\/v2\/tags?post=25433"}],"curies":[{"name":"wp","href":"https:\/\/api.w.org\/{rel}","templated":true}]}}