{"id":25237,"date":"2025-06-12T17:53:26","date_gmt":"2025-06-12T21:53:26","guid":{"rendered":"https:\/\/www.abacentersnj.com\/?p=25237"},"modified":"2025-07-16T16:08:41","modified_gmt":"2025-07-16T20:08:41","slug":"personajes-emblematicos-con-autismo","status":"publish","type":"post","link":"https:\/\/www.abacentersnj.com\/es\/blog\/personajes-emblematicos-con-autismo\/","title":{"rendered":"Personajes con Autismo: Por Qu\u00e9 es Importante la Representaci\u00f3n en la Cultura Pop"},"content":{"rendered":"<div data-elementor-type=\"wp-post\" data-elementor-id=\"25237\" class=\"elementor elementor-25237\" data-elementor-post-type=\"post\">\n\t\t\t\t\t\t<section class=\"elementor-section elementor-top-section elementor-element elementor-element-767b64a8 elementor-section-boxed elementor-section-height-default elementor-section-height-default\" data-id=\"767b64a8\" data-element_type=\"section\" data-e-type=\"section\">\n\t\t\t\t\t\t<div class=\"elementor-container elementor-column-gap-default\">\n\t\t\t\t\t<div class=\"elementor-column elementor-col-100 elementor-top-column elementor-element elementor-element-212187dd\" data-id=\"212187dd\" data-element_type=\"column\" data-e-type=\"column\">\n\t\t\t<div class=\"elementor-widget-wrap elementor-element-populated\">\n\t\t\t\t\t\t<div class=\"elementor-element elementor-element-3005357 elementor-toc--minimized-on-tablet elementor-widget elementor-widget-table-of-contents\" data-id=\"3005357\" data-element_type=\"widget\" data-e-type=\"widget\" data-settings=\"{&quot;headings_by_tags&quot;:[&quot;h2&quot;],&quot;exclude_headings_by_selector&quot;:[],&quot;no_headings_message&quot;:&quot;No headings were found on this page.&quot;,&quot;marker_view&quot;:&quot;numbers&quot;,&quot;minimize_box&quot;:&quot;yes&quot;,&quot;minimized_on&quot;:&quot;tablet&quot;,&quot;hierarchical_view&quot;:&quot;yes&quot;,&quot;min_height&quot;:{&quot;unit&quot;:&quot;px&quot;,&quot;size&quot;:&quot;&quot;,&quot;sizes&quot;:[]},&quot;min_height_tablet&quot;:{&quot;unit&quot;:&quot;px&quot;,&quot;size&quot;:&quot;&quot;,&quot;sizes&quot;:[]},&quot;min_height_mobile&quot;:{&quot;unit&quot;:&quot;px&quot;,&quot;size&quot;:&quot;&quot;,&quot;sizes&quot;:[]}}\" data-widget_type=\"table-of-contents.default\">\n\t\t\t\t<div class=\"elementor-widget-container\">\n\t\t\t\t\t\t\t\t\t<div class=\"elementor-toc__header\">\n\t\t\t\t\t\t<h4 class=\"elementor-toc__header-title\">\n\t\t\t\tTabla de contenido\t\t\t<\/h4>\n\t\t\t\t\t\t\t\t\t\t<div class=\"elementor-toc__toggle-button elementor-toc__toggle-button--expand\" role=\"button\" tabindex=\"0\" aria-controls=\"elementor-toc__3005357\" aria-expanded=\"true\" aria-label=\"Abrir el \u00edndice\"><i aria-hidden=\"true\" class=\"fas fa-chevron-down\"><\/i><\/div>\n\t\t\t\t<div class=\"elementor-toc__toggle-button elementor-toc__toggle-button--collapse\" role=\"button\" tabindex=\"0\" aria-controls=\"elementor-toc__3005357\" aria-expanded=\"true\" aria-label=\"Cerrar \u00edndice\"><i aria-hidden=\"true\" class=\"fas fa-chevron-up\"><\/i><\/div>\n\t\t\t\t\t<\/div>\n\t\t\t\t<div id=\"elementor-toc__3005357\" class=\"elementor-toc__body\">\n\t\t\t<div class=\"elementor-toc__spinner-container\">\n\t\t\t\t<i class=\"elementor-toc__spinner eicon-animation-spin eicon-loading\" aria-hidden=\"true\"><\/i>\t\t\t<\/div>\n\t\t<\/div>\n\t\t\t\t\t\t<\/div>\n\t\t\t\t<\/div>\n\t\t\t\t<div class=\"elementor-element elementor-element-c7b60fb elementor-widget elementor-widget-text-editor\" data-id=\"c7b60fb\" data-element_type=\"widget\" data-e-type=\"widget\" data-widget_type=\"text-editor.default\">\n\t\t\t\t<div class=\"elementor-widget-container\">\n\t\t\t\t\t\t\t\t\t<h2>\u00bfQu\u00e9 personaje de ficci\u00f3n tiene autismo?<\/h2><p>En el mundo cada vez m\u00e1s inclusivo de hoy, son m\u00e1s los productores de medios que cuentan sus historias desde diversas perspectivas. Los personajes con autismo est\u00e1n encontrando poco a poco un espacio m\u00e1s aut\u00e9ntico en los libros, las pel\u00edculas y la televisi\u00f3n. Estos personajes no solo entretienen; abren las puertas a la comprensi\u00f3n, la empat\u00eda y el cambio significativo.<\/p><p>Pero, \u00bfcon qu\u00e9 precisi\u00f3n se retrata a estos personajes? \u00bfY qu\u00e9 impacto tienen estas representaciones en personas reales con autismo?<\/p><p>Incluso podr\u00edas preguntarte: \u00bfQu\u00e9 personaje de ficci\u00f3n tiene autismo? La respuesta no es solo un nombre. Desde Sam en <em>Atypical<\/em> hasta Shaun en <em>The Good Doctor<\/em>, muchos personajes muestran rasgos de autismo, pero la forma en que son retratados marca la diferencia. Sigue leyendo este blog de <strong><a href=\"https:\/\/www.abacentersnj.com\/es\" target=\"_blank\" rel=\"noopener\">ABA Centers of New Jersey<\/a><\/strong> para explorar qui\u00e9nes son estos personajes, c\u00f3mo est\u00e1n cambiando las percepciones y por qu\u00e9 esto es m\u00e1s importante que nunca.<\/p><h2>\u00bfPor Qu\u00e9 Son Importantes la Neurodiversidad y la Representaci\u00f3n?<\/h2><p>La representaci\u00f3n va mucho m\u00e1s all\u00e1 de \"ser visto\". Para las personas en el espectro autista, verse reflejadas en personajes neurodiversos puede ser una poderosa fuente de validaci\u00f3n. Cuando las historias convencionales incluyen personajes neurodiversos, ayudan a crear conciencia y empat\u00eda al tiempo que reconocen las experiencias neurodivergentes.<\/p>\t\t\t\t\t\t\t\t<\/div>\n\t\t\t\t<\/div>\n\t\t\t\t\t<\/div>\n\t\t<\/div>\n\t\t\t\t\t<\/div>\n\t\t<\/section>\n\t\t\t\t<section class=\"elementor-section elementor-top-section elementor-element elementor-element-90786bb elementor-section-boxed elementor-section-height-default elementor-section-height-default\" data-id=\"90786bb\" data-element_type=\"section\" data-e-type=\"section\">\n\t\t\t\t\t\t<div class=\"elementor-container elementor-column-gap-default\">\n\t\t\t\t\t<div class=\"elementor-column elementor-col-50 elementor-top-column elementor-element elementor-element-d32e230\" data-id=\"d32e230\" data-element_type=\"column\" data-e-type=\"column\">\n\t\t\t<div class=\"elementor-widget-wrap elementor-element-populated\">\n\t\t\t\t\t\t<div class=\"elementor-element elementor-element-e0a6d79 elementor-widget elementor-widget-text-editor\" data-id=\"e0a6d79\" data-element_type=\"widget\" data-e-type=\"widget\" data-widget_type=\"text-editor.default\">\n\t\t\t\t<div class=\"elementor-widget-container\">\n\t\t\t\t\t\t\t\t\t<p>Seg\u00fan el documento <strong><a href=\"https:\/\/www.researchgate.net\/publication\/384881986_Shefer_D_Fuchs_A_2024_The_dynamic_interplay_between_representation_and_perception_-_highlighting_the_complexities_of_portraying_Autism_and_Asperger_syndrome_in_film_and_television_The_Modern_World_-_A\" target=\"_blank\" rel=\"noopener\"><em>The Dynamic Interplay Between Representation and Perception<\/em><\/a><\/strong>, los medios de comunicaci\u00f3n tienen un papel crucial en la forma en que la sociedad percibe el autismo. El estudio destaca que, si bien algunas representaciones profundizan la comprensi\u00f3n, otras refuerzan estereotipos obsoletos, como el \"genio de las matem\u00e1ticas\" o el \"solitario sin emociones\". Estos clich\u00e9s simplifican las experiencias ricas y variadas de las personas con autismo y, sin querer, pueden contribuir al estigma.<\/p><p>La representaci\u00f3n precisa, incluyendo a los personajes con autismo, no solo informan la percepci\u00f3n p\u00fablica, sino que tambi\u00e9n ayudan a los ni\u00f1os y adultos con autismo a sentirse vistos e incluidos. Env\u00edan un mensaje claro: tu historia importa.<\/p>\t\t\t\t\t\t\t\t<\/div>\n\t\t\t\t<\/div>\n\t\t\t\t\t<\/div>\n\t\t<\/div>\n\t\t\t\t<div class=\"elementor-column elementor-col-50 elementor-top-column elementor-element elementor-element-9aa7527\" data-id=\"9aa7527\" data-element_type=\"column\" data-e-type=\"column\">\n\t\t\t<div class=\"elementor-widget-wrap elementor-element-populated\">\n\t\t\t\t\t\t<div class=\"elementor-element elementor-element-464926a elementor-widget elementor-widget-image\" data-id=\"464926a\" data-element_type=\"widget\" data-e-type=\"widget\" data-widget_type=\"image.default\">\n\t\t\t\t<div class=\"elementor-widget-container\">\n\t\t\t\t\t\t\t\t\t\t\t\t\t\t\t<img fetchpriority=\"high\" decoding=\"async\" width=\"1024\" height=\"1024\" src=\"https:\/\/www.abacentersnj.com\/wp-content\/uploads\/Why-Neurodiversity-and-Representation-Matter.jpg\" class=\"attachment-large size-large wp-image-25239\" alt=\"\u00bfPor Qu\u00e9 Son Importantes la Neurodiversidad y la Representaci\u00f3n?\" srcset=\"https:\/\/www.abacentersnj.com\/wp-content\/uploads\/Why-Neurodiversity-and-Representation-Matter.jpg 1024w, https:\/\/www.abacentersnj.com\/wp-content\/uploads\/Why-Neurodiversity-and-Representation-Matter-300x300.jpg 300w, https:\/\/www.abacentersnj.com\/wp-content\/uploads\/Why-Neurodiversity-and-Representation-Matter-150x150.jpg 150w, https:\/\/www.abacentersnj.com\/wp-content\/uploads\/Why-Neurodiversity-and-Representation-Matter-768x768.jpg 768w, https:\/\/www.abacentersnj.com\/wp-content\/uploads\/Why-Neurodiversity-and-Representation-Matter-12x12.jpg 12w\" sizes=\"(max-width: 1024px) 100vw, 1024px\" title=\"\">\t\t\t\t\t\t\t\t\t\t\t\t\t\t\t<\/div>\n\t\t\t\t<\/div>\n\t\t\t\t\t<\/div>\n\t\t<\/div>\n\t\t\t\t\t<\/div>\n\t\t<\/section>\n\t\t\t\t<section class=\"elementor-section elementor-top-section elementor-element elementor-element-a6a7355 elementor-section-boxed elementor-section-height-default elementor-section-height-default\" data-id=\"a6a7355\" data-element_type=\"section\" data-e-type=\"section\">\n\t\t\t\t\t\t<div class=\"elementor-container elementor-column-gap-default\">\n\t\t\t\t\t<div class=\"elementor-column elementor-col-100 elementor-top-column elementor-element elementor-element-28d7400\" data-id=\"28d7400\" data-element_type=\"column\" data-e-type=\"column\">\n\t\t\t<div class=\"elementor-widget-wrap elementor-element-populated\">\n\t\t\t\t\t\t<div class=\"elementor-element elementor-element-b5fffcb elementor-widget elementor-widget-text-editor\" data-id=\"b5fffcb\" data-element_type=\"widget\" data-e-type=\"widget\" data-widget_type=\"text-editor.default\">\n\t\t\t\t<div class=\"elementor-widget-container\">\n\t\t\t\t\t\t\t\t\t<h2>\u00cdconos Pop y Personajes con Autismo en Pel\u00edculas, Libros y Televisi\u00f3n<\/h2><p>Ha habido una ola creciente de programas, pel\u00edculas y libros protagonizados por personajes con autismo, lo que nos brinda nuevas formas de comprender la neurodivergencia a trav\u00e9s de la narraci\u00f3n de historias. Estos son algunos ejemplos notables:<\/p><ol><li><h3>Sam Gardner \u2013 \u201c<em>Atypical<\/em>\u201d (Netflix)<\/h3><\/li><\/ol><p>Sam, un adolescente en el espectro autista, navega por la escuela, las relaciones y la vida familiar. Las primeras cr\u00edticas sobre la falta de aportes autistas se abordaron en temporadas posteriores, incorporando actores y consultores autistas. Este enfoque mejor\u00f3 la autenticidad del programa y proporcion\u00f3 representaciones m\u00e1s profundas y matizadas.<\/p><ol start=\"2\"><li><h3>Shaun Murphy \u2013 \u201c<em>The Good Doctor<\/em>\u201d (ABC)<\/h3><\/li><\/ol><p>Shaun es un residente de cirug\u00eda que tiene autismo y s\u00edndrome de savant. Si bien algunos argumentan que el programa se apoya en el estereotipo del \"genio autista\", tambi\u00e9n presenta una mirada convincente y compasiva a un joven que enfrenta desaf\u00edos profesionales y sociales. Seg\u00fan la <strong><a href=\"https:\/\/www.nyfa.edu\/student-resources\/autism-in-movies-and-tv-shows\/\" target=\"_blank\" rel=\"noopener\">New York Film Academy<\/a><\/strong>, el personaje de Shaun ha abierto discusiones sobre la inclusi\u00f3n en profesiones de alto estr\u00e9s.<\/p><ol start=\"3\"><li><h3>Christopher Boone \u2013 \u201c<em>The Curious Incident of the Dog in the Night-Time<\/em>\u201d<\/h3><\/li><\/ol><p>Aunque nunca se etiquet\u00f3 expl\u00edcitamente como autista, el personaje de Christopher resuena fuertemente con los lectores familiarizados con el autismo. Su pensamiento l\u00f3gico, su sensibilidad sensorial y su perspicacia emocional lo convierten en uno de los personajes neurodivergentes m\u00e1s emblem\u00e1ticos de la literatura.<\/p><ol start=\"4\"><li><h3>Abed Nadir \u2013 \u201c<em>Community<\/em>\u201d (NBC)<\/h3><\/li><\/ol><p>Abed no es diagnosticado oficialmente en el programa, pero muchos espectadores lo identifican como un personaje neurodiverso. Su intenso enfoque en <strong><a href=\"https:\/\/www.abacentersnj.com\/es\/blog\/personas-famosas-con-autismo\/\">cultura pop<\/a><\/strong>, su dificultad para leer las se\u00f1ales sociales y su peculiar sentido del humor hacen que muchos en el espectro se identifiquen con \u00e9l. Es importante destacar que Abed es amado no a pesar de sus diferencias, sino a causa de ellas.<\/p><ol start=\"5\"><li><h3>Amira \u2013 \u201cEverything\u2019s Gonna Be Okay\u201d<\/h3><\/li><\/ol><p>Amira es una ni\u00f1a musulmana negra con autismo, interpretada por la actriz autista Kayla Cromer. <strong><a href=\"https:\/\/www.nyfa.edu\/student-resources\/autism-in-movies-and-tv-shows\/\" target=\"_blank\" rel=\"noopener\">Este tipo de representaci\u00f3n en capas<\/a><\/strong>, aut\u00e9ntica e interseccional es poco com\u00fan, pero esencial para que los medios de comunicaci\u00f3n avancen hacia una mayor inclusi\u00f3n.<\/p><p>Estos personajes no son solo entretenimiento. Son hitos culturales que muestran al mundo que la neurodivergencia es parte de la experiencia humana.<\/p><h2>Los Desaf\u00edos de la Representaci\u00f3n en los Medios de Comunicaci\u00f3n y lo Que Viene<\/h2>\t\t\t\t\t\t\t\t<\/div>\n\t\t\t\t<\/div>\n\t\t\t\t\t<\/div>\n\t\t<\/div>\n\t\t\t\t\t<\/div>\n\t\t<\/section>\n\t\t\t\t<section class=\"elementor-section elementor-top-section elementor-element elementor-element-ae1ae8b elementor-section-boxed elementor-section-height-default elementor-section-height-default\" data-id=\"ae1ae8b\" data-element_type=\"section\" data-e-type=\"section\">\n\t\t\t\t\t\t<div class=\"elementor-container elementor-column-gap-default\">\n\t\t\t\t\t<div class=\"elementor-column elementor-col-50 elementor-top-column elementor-element elementor-element-4bf13c1\" data-id=\"4bf13c1\" data-element_type=\"column\" data-e-type=\"column\">\n\t\t\t<div class=\"elementor-widget-wrap elementor-element-populated\">\n\t\t\t\t\t\t<div class=\"elementor-element elementor-element-b7b6f5c elementor-widget elementor-widget-text-editor\" data-id=\"b7b6f5c\" data-element_type=\"widget\" data-e-type=\"widget\" data-widget_type=\"text-editor.default\">\n\t\t\t\t<div class=\"elementor-widget-container\">\n\t\t\t\t\t\t\t\t\t<p>A pesar del progreso, los desaf\u00edos persisten. Muchas representaciones siguen cayendo en patrones predecibles: el solitario talentoso, el genio de la computaci\u00f3n socialmente inepto, o el genio sin emociones. Estas representaciones no solo son limitantes, sino que a menudo son inexactas.<\/p><p>Como se describe en el art\u00edculo <em>Autism Stereotypes and Stigma: The Impact of Media Representations<\/em>, las representaciones enga\u00f1osas en los medios pueden conducir a conceptos err\u00f3neos generalizados e incluso a la discriminaci\u00f3n. El estudio advierte que estos estereotipos pueden reducir la comprensi\u00f3n p\u00fablica y aumentar las barreras sociales para las personas con autismo.<\/p>\t\t\t\t\t\t\t\t<\/div>\n\t\t\t\t<\/div>\n\t\t\t\t\t<\/div>\n\t\t<\/div>\n\t\t\t\t<div class=\"elementor-column elementor-col-50 elementor-top-column elementor-element elementor-element-a114e23\" data-id=\"a114e23\" data-element_type=\"column\" data-e-type=\"column\">\n\t\t\t<div class=\"elementor-widget-wrap elementor-element-populated\">\n\t\t\t\t\t\t<div class=\"elementor-element elementor-element-b0dcf20 elementor-widget elementor-widget-image\" data-id=\"b0dcf20\" data-element_type=\"widget\" data-e-type=\"widget\" data-widget_type=\"image.default\">\n\t\t\t\t<div class=\"elementor-widget-container\">\n\t\t\t\t\t\t\t\t\t\t\t\t\t\t\t<img decoding=\"async\" width=\"1024\" height=\"1024\" src=\"https:\/\/www.abacentersnj.com\/wp-content\/uploads\/The-Challenges-of-Media-Representation-and-Whats-Next.jpg\" class=\"attachment-large size-large wp-image-25240\" alt=\"The Challenges of Media Representation and What\u2019s Next\" srcset=\"https:\/\/www.abacentersnj.com\/wp-content\/uploads\/The-Challenges-of-Media-Representation-and-Whats-Next.jpg 1024w, https:\/\/www.abacentersnj.com\/wp-content\/uploads\/The-Challenges-of-Media-Representation-and-Whats-Next-300x300.jpg 300w, https:\/\/www.abacentersnj.com\/wp-content\/uploads\/The-Challenges-of-Media-Representation-and-Whats-Next-150x150.jpg 150w, https:\/\/www.abacentersnj.com\/wp-content\/uploads\/The-Challenges-of-Media-Representation-and-Whats-Next-768x768.jpg 768w, https:\/\/www.abacentersnj.com\/wp-content\/uploads\/The-Challenges-of-Media-Representation-and-Whats-Next-12x12.jpg 12w\" sizes=\"(max-width: 1024px) 100vw, 1024px\" title=\"\">\t\t\t\t\t\t\t\t\t\t\t\t\t\t\t<\/div>\n\t\t\t\t<\/div>\n\t\t\t\t<div class=\"elementor-element elementor-element-2e3b5ff elementor-align-center elementor-widget elementor-widget-button\" data-id=\"2e3b5ff\" data-element_type=\"widget\" data-e-type=\"widget\" data-widget_type=\"button.default\">\n\t\t\t\t<div class=\"elementor-widget-container\">\n\t\t\t\t\t\t\t\t\t<div class=\"elementor-button-wrapper\">\n\t\t\t\t\t<a class=\"elementor-button elementor-button-link elementor-size-sm\" href=\"https:\/\/www.abacentersnj.com\/es\/servicios-para-el-autismo\/terapia-aba-para-ninos\/\" target=\"_blank\">\n\t\t\t\t\t\t<span class=\"elementor-button-content-wrapper\">\n\t\t\t\t\t\t\t\t\t<span class=\"elementor-button-text\">M\u00e1s Sobre ABA Para Ni\u00f1os<\/span>\n\t\t\t\t\t<\/span>\n\t\t\t\t\t<\/a>\n\t\t\t\t<\/div>\n\t\t\t\t\t\t\t\t<\/div>\n\t\t\t\t<\/div>\n\t\t\t\t\t<\/div>\n\t\t<\/div>\n\t\t\t\t\t<\/div>\n\t\t<\/section>\n\t\t\t\t<section class=\"elementor-section elementor-top-section elementor-element elementor-element-30a0172 elementor-section-boxed elementor-section-height-default elementor-section-height-default\" data-id=\"30a0172\" data-element_type=\"section\" data-e-type=\"section\">\n\t\t\t\t\t\t<div class=\"elementor-container elementor-column-gap-default\">\n\t\t\t\t\t<div class=\"elementor-column elementor-col-100 elementor-top-column elementor-element elementor-element-6d18adf\" data-id=\"6d18adf\" data-element_type=\"column\" data-e-type=\"column\">\n\t\t\t<div class=\"elementor-widget-wrap elementor-element-populated\">\n\t\t\t\t\t\t<div class=\"elementor-element elementor-element-818a7e7 elementor-widget elementor-widget-text-editor\" data-id=\"818a7e7\" data-element_type=\"widget\" data-e-type=\"widget\" data-widget_type=\"text-editor.default\">\n\t\t\t\t<div class=\"elementor-widget-container\">\n\t\t\t\t\t\t\t\t\t<h2>\u00bfQu\u00e9 Podemos Hacer Para Avanzar?<\/h2><ul><li><strong>Contar historias m\u00e1s diversas:<\/strong> El autismo se ve diferente en cada persona. Necesitamos personajes con autismo de todas las razas, g\u00e9neros, edades y or\u00edgenes.<\/li><li><strong>Incluir voces autistas:<\/strong> Los escritores, actores y consultores con experiencia de vida aportan profundidad y precisi\u00f3n a la narraci\u00f3n de historias.<\/li><li><strong>Ir m\u00e1s all\u00e1 de lo com\u00fan:<\/strong> Mostrar fortalezas, desaf\u00edos, humor, relaciones, complejidad humana objetiva.<\/li><\/ul><h2>\u00bfC\u00f3mo la Terapia ABA Apoya a las Personas Neurodiversas y Fomenta la Representaci\u00f3n?<\/h2><p>Mientras que los medios de comunicaci\u00f3n dan forma a la percepci\u00f3n, el apoyo en el mundo real ayuda a dar forma a las vidas. Ah\u00ed es donde entra en juego la terapia ABA.<\/p><p><strong><a href=\"https:\/\/www.abacentersnj.com\/es\/blog\/como-funciona-la-terapia-aba\/\" target=\"_blank\" rel=\"noopener\">El An\u00e1lisis del Comportamiento Aplicado (ABA)<\/a><\/strong> es una metodolog\u00eda probada e individualizada que ayuda a los ni\u00f1os y adolescentes con autismo a desarrollar habilidades esenciales para la vida, como la comunicaci\u00f3n, la regulaci\u00f3n emocional y la interacci\u00f3n social. Est\u00e1 orientado a objetivos y se basa en el refuerzo positivo.<\/p><p>En <strong><a href=\"https:\/\/www.abacentersnj.com\/es\/sobre-nosotros\/\" target=\"_blank\" rel=\"noopener\">ABA Centers of New Jersey<\/a><\/strong>, nuestra misi\u00f3n es apoyar a las personas neurodiversas desde la primera infancia hasta la adolescencia. Nos asociamos con las familias para crear planes de tratamiento personalizados que celebren las fortalezas de cada ni\u00f1o y aborden sus necesidades \u00fanicas.<\/p><p>La terapia ABA tambi\u00e9n permite a los ni\u00f1os expresarse con m\u00e1s confianza, lo que puede influir en la forma en que se representa el autismo en la vida real y en los medios de comunicaci\u00f3n. A medida que m\u00e1s personas con autismo se conviertan en defensores, dar\u00e1n forma a las historias futuras con honestidad y coraz\u00f3n.<\/p>\t\t\t\t\t\t\t\t<\/div>\n\t\t\t\t<\/div>\n\t\t\t\t<div class=\"elementor-element elementor-element-dbaf4f6 elementor-align-center elementor-widget elementor-widget-button\" data-id=\"dbaf4f6\" data-element_type=\"widget\" data-e-type=\"widget\" data-widget_type=\"button.default\">\n\t\t\t\t<div class=\"elementor-widget-container\">\n\t\t\t\t\t\t\t\t\t<div class=\"elementor-button-wrapper\">\n\t\t\t\t\t<a class=\"elementor-button elementor-button-link elementor-size-sm\" href=\"https:\/\/www.abacentersnj.com\/es\/servicios-para-el-autismo\/terapia-aba-en-la-escuela\/\" target=\"_blank\">\n\t\t\t\t\t\t<span class=\"elementor-button-content-wrapper\">\n\t\t\t\t\t\t\t\t\t<span class=\"elementor-button-text\">Descubre la Terapia ABA en la Escuela<\/span>\n\t\t\t\t\t<\/span>\n\t\t\t\t\t<\/a>\n\t\t\t\t<\/div>\n\t\t\t\t\t\t\t\t<\/div>\n\t\t\t\t<\/div>\n\t\t\t\t\t<\/div>\n\t\t<\/div>\n\t\t\t\t\t<\/div>\n\t\t<\/section>\n\t\t\t\t<section class=\"elementor-section elementor-top-section elementor-element elementor-element-7c7bd3d elementor-section-boxed elementor-section-height-default elementor-section-height-default\" data-id=\"7c7bd3d\" data-element_type=\"section\" data-e-type=\"section\">\n\t\t\t\t\t\t<div class=\"elementor-container elementor-column-gap-default\">\n\t\t\t\t\t<div class=\"elementor-column elementor-col-100 elementor-top-column elementor-element elementor-element-bbbdf56\" data-id=\"bbbdf56\" data-element_type=\"column\" data-e-type=\"column\">\n\t\t\t<div class=\"elementor-widget-wrap elementor-element-populated\">\n\t\t\t\t\t\t<div class=\"elementor-element elementor-element-e6d012b elementor-widget elementor-widget-text-editor\" data-id=\"e6d012b\" data-element_type=\"widget\" data-e-type=\"widget\" data-widget_type=\"text-editor.default\">\n\t\t\t\t<div class=\"elementor-widget-container\">\n\t\t\t\t\t\t\t\t\t<h2>Avanzando: Historias Reales Para Personas Reales<\/h2><p>Los personajes con autismo son m\u00e1s que partes de un gui\u00f3n: reflejan personas reales, experiencias reales y emociones genuinas. Cuando sus historias se cuentan con cuidado, profundidad y autenticidad, no solo nos entretienen; nos ayudan a conectarnos y entendernos mejor.<\/p><p>Entonces, la pr\u00f3xima vez que te preguntes: \"\u00bfQu\u00e9 personaje de ficci\u00f3n tiene autismo?\" Tambi\u00e9n vale la pena preguntarse: <em>\u00bfQui\u00e9n puede compartir su voz y qu\u00e9 tipo de historias deben contarse?<\/em> Estas preguntas abren la puerta a una mayor inclusi\u00f3n y empat\u00eda en las historias que amamos.<\/p><p>La representaci\u00f3n no se trata de marcar una casilla; se trata de construir puentes entre las personas, una historia significativa a la vez.<\/p><p><strong>\u00a0<\/strong><\/p><h2>\u00bfNecesitas Ayuda? ABA Centers of New Jersey Est\u00e1 Aqu\u00ed Para Ti<\/h2><p>Si est\u00e1s buscando ayuda para un ni\u00f1o o adolescente con autismo, <strong>ABA Centers of New Jersey<\/strong> est\u00e1 aqu\u00ed para apoyarte en tu viaje. Ofrecemos:<\/p><ul><li>Servicios integrales de terapia ABA en hogares, escuelas, comunidades y centros de \u00faltima generaci\u00f3n<\/li><li><a href=\"https:\/\/www.abacentersnj.com\/es\/blog\/que-sucede-despues-del-diagnostico-de-autismo-de-tu-hijo\/\" target=\"_blank\" rel=\"noopener\"><strong>Servicios de diagn\u00f3stico de autismo<\/strong><\/a> sin listas de espera<\/li><li>Un enfoque de aprendizaje basado en el juego y el refuerzo positivo<\/li><li>M\u00e9dicos dedicados que colaboran con las familias para ayudar a los ni\u00f1os a alcanzar su m\u00e1ximo potencial<\/li><\/ul><p>Juntos, podemos crear una sociedad m\u00e1s inclusiva, tanto en los medios de comunicaci\u00f3n como en la vida real. <strong><a href=\"https:\/\/www.abacentersnj.com\/es\/contactanos\/\">C<\/a><a href=\"https:\/\/www.abacentersnj.com\/es\/contactanos\/\" target=\"_blank\" rel=\"noopener\">ont\u00e1ctanos hoy mismo<\/a><\/strong> o ll\u00e1manos al <a href=\"tel:+18556407888\" target=\"_blank\" rel=\"noopener\"><strong>(855) 640-7888<\/strong><\/a> para obtener m\u00e1s informaci\u00f3n sobre nuestros servicios de autismo y c\u00f3mo podemos ayudar a tu hijo a prosperar.<\/p>\t\t\t\t\t\t\t\t<\/div>\n\t\t\t\t<\/div>\n\t\t\t\t\t<\/div>\n\t\t<\/div>\n\t\t\t\t\t<\/div>\n\t\t<\/section>\n\t\t\t\t<\/div>","protected":false},"excerpt":{"rendered":"<p>Which fictional character has autism? The answer isn\u2019t just one name. From Sam in Atypical to Shaun in The Good Doctor, many characters show traits of autism\u2014but how they are portrayed makes all the difference. Keep reading this blog by ABA Centers of New Jersey to explore who these characters are, how they\u2019re changing perceptions, and why this matters more than ever.<\/p>","protected":false},"author":18,"featured_media":25238,"comment_status":"closed","ping_status":"open","sticky":false,"template":"","format":"standard","meta":{"site-sidebar-layout":"default","site-content-layout":"","ast-site-content-layout":"default","site-content-style":"default","site-sidebar-style":"default","ast-global-header-display":"","ast-banner-title-visibility":"","ast-main-header-display":"","ast-hfb-above-header-display":"","ast-hfb-below-header-display":"","ast-hfb-mobile-header-display":"","site-post-title":"","ast-breadcrumbs-content":"","ast-featured-img":"","footer-sml-layout":"","theme-transparent-header-meta":"","adv-header-id-meta":"","stick-header-meta":"","header-above-stick-meta":"","header-main-stick-meta":"","header-below-stick-meta":"","astra-migrate-meta-layouts":"set","ast-page-background-enabled":"default","ast-page-background-meta":{"desktop":{"background-color":"","background-image":"","background-repeat":"repeat","background-position":"center center","background-size":"auto","background-attachment":"scroll","background-type":"","background-media":"","overlay-type":"","overlay-color":"","overlay-opacity":"","overlay-gradient":""},"tablet":{"background-color":"","background-image":"","background-repeat":"repeat","background-position":"center center","background-size":"auto","background-attachment":"scroll","background-type":"","background-media":"","overlay-type":"","overlay-color":"","overlay-opacity":"","overlay-gradient":""},"mobile":{"background-color":"","background-image":"","background-repeat":"repeat","background-position":"center center","background-size":"auto","background-attachment":"scroll","background-type":"","background-media":"","overlay-type":"","overlay-color":"","overlay-opacity":"","overlay-gradient":""}},"ast-content-background-meta":{"desktop":{"background-color":"var(--ast-global-color-5)","background-image":"","background-repeat":"repeat","background-position":"center center","background-size":"auto","background-attachment":"scroll","background-type":"","background-media":"","overlay-type":"","overlay-color":"","overlay-opacity":"","overlay-gradient":""},"tablet":{"background-color":"var(--ast-global-color-5)","background-image":"","background-repeat":"repeat","background-position":"center center","background-size":"auto","background-attachment":"scroll","background-type":"","background-media":"","overlay-type":"","overlay-color":"","overlay-opacity":"","overlay-gradient":""},"mobile":{"background-color":"var(--ast-global-color-5)","background-image":"","background-repeat":"repeat","background-position":"center center","background-size":"auto","background-attachment":"scroll","background-type":"","background-media":"","overlay-type":"","overlay-color":"","overlay-opacity":"","overlay-gradient":""}},"footnotes":""},"categories":[15],"tags":[21,174,175,177,176],"class_list":["post-25237","post","type-post","status-publish","format-standard","has-post-thumbnail","hentry","category-blog","tag-aba-therapy","tag-autism-in-media","tag-autism-in-pop-culture","tag-characters-with-autism","tag-neurodiverse-characters"],"_links":{"self":[{"href":"https:\/\/www.abacentersnj.com\/es\/wp-json\/wp\/v2\/posts\/25237","targetHints":{"allow":["GET"]}}],"collection":[{"href":"https:\/\/www.abacentersnj.com\/es\/wp-json\/wp\/v2\/posts"}],"about":[{"href":"https:\/\/www.abacentersnj.com\/es\/wp-json\/wp\/v2\/types\/post"}],"author":[{"embeddable":true,"href":"https:\/\/www.abacentersnj.com\/es\/wp-json\/wp\/v2\/users\/18"}],"replies":[{"embeddable":true,"href":"https:\/\/www.abacentersnj.com\/es\/wp-json\/wp\/v2\/comments?post=25237"}],"version-history":[{"count":0,"href":"https:\/\/www.abacentersnj.com\/es\/wp-json\/wp\/v2\/posts\/25237\/revisions"}],"wp:featuredmedia":[{"embeddable":true,"href":"https:\/\/www.abacentersnj.com\/es\/wp-json\/wp\/v2\/media\/25238"}],"wp:attachment":[{"href":"https:\/\/www.abacentersnj.com\/es\/wp-json\/wp\/v2\/media?parent=25237"}],"wp:term":[{"taxonomy":"category","embeddable":true,"href":"https:\/\/www.abacentersnj.com\/es\/wp-json\/wp\/v2\/categories?post=25237"},{"taxonomy":"post_tag","embeddable":true,"href":"https:\/\/www.abacentersnj.com\/es\/wp-json\/wp\/v2\/tags?post=25237"}],"curies":[{"name":"wp","href":"https:\/\/api.w.org\/{rel}","templated":true}]}}