{"id":25113,"date":"2024-12-26T10:21:52","date_gmt":"2024-12-26T15:21:52","guid":{"rendered":"https:\/\/www.abacentersnj.com\/?p=25113"},"modified":"2025-05-22T14:20:29","modified_gmt":"2025-05-22T18:20:29","slug":"disparidad-racial-en-la-atencion-del-autismo","status":"publish","type":"post","link":"https:\/\/www.abacentersnj.com\/es\/blog\/disparidad-racial-en-la-atencion-del-autismo\/","title":{"rendered":"Disparidad Racial en la Atenci\u00f3n del Autismo: Comprendiendo el problema"},"content":{"rendered":"<div data-elementor-type=\"wp-post\" data-elementor-id=\"25113\" class=\"elementor elementor-25113\" data-elementor-post-type=\"post\">\n\t\t\t\t\t\t<section class=\"elementor-section elementor-top-section elementor-element elementor-element-67035665 elementor-section-boxed elementor-section-height-default elementor-section-height-default\" data-id=\"67035665\" data-element_type=\"section\" data-e-type=\"section\">\n\t\t\t\t\t\t<div class=\"elementor-container elementor-column-gap-default\">\n\t\t\t\t\t<div class=\"elementor-column elementor-col-100 elementor-top-column elementor-element elementor-element-553fe5ae\" data-id=\"553fe5ae\" data-element_type=\"column\" data-e-type=\"column\">\n\t\t\t<div class=\"elementor-widget-wrap elementor-element-populated\">\n\t\t\t\t\t\t<div class=\"elementor-element elementor-element-f27c734 elementor-toc--minimized-on-tablet elementor-widget elementor-widget-table-of-contents\" data-id=\"f27c734\" data-element_type=\"widget\" data-e-type=\"widget\" data-settings=\"{&quot;headings_by_tags&quot;:[&quot;h2&quot;],&quot;exclude_headings_by_selector&quot;:[],&quot;no_headings_message&quot;:&quot;No headings were found on this page.&quot;,&quot;marker_view&quot;:&quot;numbers&quot;,&quot;minimize_box&quot;:&quot;yes&quot;,&quot;minimized_on&quot;:&quot;tablet&quot;,&quot;hierarchical_view&quot;:&quot;yes&quot;,&quot;min_height&quot;:{&quot;unit&quot;:&quot;px&quot;,&quot;size&quot;:&quot;&quot;,&quot;sizes&quot;:[]},&quot;min_height_tablet&quot;:{&quot;unit&quot;:&quot;px&quot;,&quot;size&quot;:&quot;&quot;,&quot;sizes&quot;:[]},&quot;min_height_mobile&quot;:{&quot;unit&quot;:&quot;px&quot;,&quot;size&quot;:&quot;&quot;,&quot;sizes&quot;:[]}}\" data-widget_type=\"table-of-contents.default\">\n\t\t\t\t<div class=\"elementor-widget-container\">\n\t\t\t\t\t\t\t\t\t<div class=\"elementor-toc__header\">\n\t\t\t\t\t\t<h4 class=\"elementor-toc__header-title\">\n\t\t\t\tTabla de contenido\t\t\t<\/h4>\n\t\t\t\t\t\t\t\t\t\t<div class=\"elementor-toc__toggle-button elementor-toc__toggle-button--expand\" role=\"button\" tabindex=\"0\" aria-controls=\"elementor-toc__f27c734\" aria-expanded=\"true\" aria-label=\"Abrir el \u00edndice\"><i aria-hidden=\"true\" class=\"fas fa-chevron-down\"><\/i><\/div>\n\t\t\t\t<div class=\"elementor-toc__toggle-button elementor-toc__toggle-button--collapse\" role=\"button\" tabindex=\"0\" aria-controls=\"elementor-toc__f27c734\" aria-expanded=\"true\" aria-label=\"Cerrar \u00edndice\"><i aria-hidden=\"true\" class=\"fas fa-chevron-up\"><\/i><\/div>\n\t\t\t\t\t<\/div>\n\t\t\t\t<div id=\"elementor-toc__f27c734\" class=\"elementor-toc__body\">\n\t\t\t<div class=\"elementor-toc__spinner-container\">\n\t\t\t\t<i class=\"elementor-toc__spinner eicon-animation-spin eicon-loading\" aria-hidden=\"true\"><\/i>\t\t\t<\/div>\n\t\t<\/div>\n\t\t\t\t\t\t<\/div>\n\t\t\t\t<\/div>\n\t\t\t\t<div class=\"elementor-element elementor-element-13f6860b elementor-widget elementor-widget-text-editor\" data-id=\"13f6860b\" data-element_type=\"widget\" data-e-type=\"widget\" data-widget_type=\"text-editor.default\">\n\t\t\t\t<div class=\"elementor-widget-container\">\n\t\t\t\t\t\t\t\t\t<h2>\u00bfPor qu\u00e9 existe la disparidad racial en la comunidad autista?<\/h2>\n<p>Obtener un diagn\u00f3stico de <strong><a href=\"https:\/\/www.abacentersnj.com\/es\/blog\/signos-de-autismo-y-estigmas-emergentes\/\">trastorno del espectro autista<\/a><\/strong> (TEA) y la atenci\u00f3n que sigue pueden ser un desaf\u00edo para cualquier familia. Para las familias de or\u00edgenes raciales y \u00e9tnicos, el viaje puede conllevar desaf\u00edos adicionales en los que muchas personas no piensan.<\/p>\n<p>Las familias de estas comunidades pueden experimentar retrasos en el diagn\u00f3stico o experimentar un acceso limitado a servicios esenciales como el an\u00e1lisis conductual aplicado, tambi\u00e9n llamado <strong><a href=\"https:\/\/www.abacentersnj.com\/es\/blog\/que-es-la-terapia-aba\/\">La terapia ABA<\/a><\/strong>. Tambi\u00e9n pueden enfrentarse a sesgos en el sistema sanitario.<\/p>\n<p>La <strong>disparidad racial<\/strong> o la brecha en <strong>la atenci\u00f3n del autismo<\/strong> hace que sea m\u00e1s dif\u00edcil para algunas familias obtener el apoyo que necesitan, a lo que muchos se preguntan: \u00bfPor qu\u00e9 existe la disparidad racial en la comunidad del autismo? \u00bfCu\u00e1les son las causas fundamentales? \u00bfC\u00f3mo podemos abordar este problema y mejorar el acceso a la atenci\u00f3n para todas las familias?<\/p>\n<p>En esta gu\u00eda de <strong><a href=\"https:\/\/www.abacentersnj.com\/es\">ABA Centers of New Jersey<\/a><\/strong>, discutiremos la disparidad racial en la atenci\u00f3n del autismo y su impacto en las comunidades afectadas que buscan terapia ABA. Tambi\u00e9n exploraremos brevemente c\u00f3mo cerrar la brecha. Entonces, \u00a1sigue leyendo para aprender m\u00e1s sobre este tema vital!<\/p>\n<p><strong><a href=\"https:\/\/www.abacentersnj.com\/es\/sobre-nosotros\/\">Haz clic aqu\u00ed<\/a><\/strong> para obtener m\u00e1s informaci\u00f3n sobre <strong>ABA Centers of New Jersey<\/strong> y la incre\u00edble atenci\u00f3n ABA que ofrecemos a los j\u00f3venes en el espectro. Para leer otros blogs sobre la terapia ABA, el autismo y la crianza de un ni\u00f1o neurodivergente, <strong><a href=\"https:\/\/www.abacentersnj.com\/es\/blog\/\">vis\u00edtanos aqu\u00ed<\/a><\/strong>.<\/p>\n<h2>Comprendiendo la Disparidad Racial en la Atenci\u00f3n del Autismo<\/h2>\n<p>El autismo es un trastorno del desarrollo que implica desaf\u00edos con la comunicaci\u00f3n social. Muchas personas con esta condici\u00f3n tambi\u00e9n muestran comportamientos restringidos y repetitivos. Aunque la prevalencia del autismo ha aumentado constantemente a lo largo de los a\u00f1os, existe una disparidad racial significativa entre las diferentes comunidades.<\/p>\n<p>Seg\u00fan <strong><a href=\"https:\/\/www.cdc.gov\/mmwr\/volumes\/72\/ss\/ss7202a1.htm#:~:text=Overall%2C%20ASD%20prevalence%20per%201%2C000%20children%20aged,A\/PI%20children%20(29.3%2C%2031.6%2C%20and%2033.4%2C%20respectively).\" target=\"_blank\" rel=\"noopener\">Centers for Disease Control and Prevention<\/a><\/strong> (CDC), hist\u00f3ricamente, los ni\u00f1os blancos ten\u00edan m\u00e1s probabilidades de ser diagnosticados con autismo en comparaci\u00f3n con los ni\u00f1os negros o hispanos. Sin embargo, los recientes <strong><a href=\"https:\/\/www.cdc.gov\/media\/releases\/2023\/p0323-autism.html#:~:text=ASD%20prevalence%20among%20Asian%2C%20Black,and%20support%20children%20with%20autism.\" target=\"_blank\" rel=\"noopener\">reportes<\/a><\/strong> muestran que, por primera vez, los ni\u00f1os asi\u00e1ticos, de las islas del Pac\u00edfico, hispanos y negros, tienen una mayor prevalencia de TEA que los ni\u00f1os blancos.<\/p>\n<h2>\u00bfPor Qu\u00e9 Existe la Disparidad Racial en la Atenci\u00f3n del Autismo?<\/h2>\n<p>Las disparidades raciales en la atenci\u00f3n del autismo existen por varias razones. Un factor importante es la falta de conciencia y comprensi\u00f3n del autismo dentro de las comunidades raciales y \u00e9tnicas marginadas. Adem\u00e1s, las barreras culturales y ling\u00fc\u00edsticas pueden afectar a la concienciaci\u00f3n de estas comunidades y a su capacidad para acceder a los recursos disponibles.<\/p>\n<p>Otra raz\u00f3n principal de la actual disparidad racial en la atenci\u00f3n del autismo son los sesgos sistem\u00e1ticos y la discriminaci\u00f3n que persisten dentro de los sistemas de atenci\u00f3n m\u00e9dica. Desafortunadamente, esta situaci\u00f3n puede resultar en un acceso desigual a la atenci\u00f3n m\u00e9dica para las personas de color.<\/p>\n<p>Seg\u00fan <strong><a href=\"https:\/\/childmind.org\/article\/why-do-black-children-with-autism-get-diagnosed-late\/#:~:text=According%20to%20one%20of%20the,didn&#039;t%20recognize%20the%20signs\" target=\"_blank\" rel=\"noopener\">Child Mind Institute<\/a><\/strong>, los sesgos impl\u00edcitos entre los proveedores de atenci\u00f3n m\u00e9dica pueden hacer que diagnostiquen err\u00f3neamente a los ni\u00f1os que pertenecen a minor\u00edas, con trastornos del estado de \u00e1nimo. En otros casos, los m\u00e9dicos culpan a las decisiones del cuidador por las acciones de un ni\u00f1o antes de diagnosticar al ni\u00f1o con autismo o recomendar el tratamiento adecuado.<\/p>\n<p>Estos son solo algunos ejemplos de c\u00f3mo la disparidad racial puede trabajar en contra de estos grupos.<\/p>\n<h2>El Impacto de la Disparidad Racial en la Atenci\u00f3n del Autismo<\/h2>\n<p>Los impactos de la disparidad racial en la atenci\u00f3n del autismo son significativos y de gran alcance. Sin un diagn\u00f3stico e intervenci\u00f3n tempranos, los ni\u00f1os de comunidades subrepresentadas tienen m\u00e1s probabilidades de experimentar consecuencias a largo plazo. Estos pueden incluir retrasos en el desarrollo del lenguaje, d\u00e9ficits de habilidades sociales y dificultades acad\u00e9micas.<\/p>\n<p>Sin tratamiento, los s\u00edntomas pueden obstaculizar el progreso de un ni\u00f1o hacia la independencia y las habilidades diarias, afect\u00e1ndolos a lo largo de la vida.<\/p>\n<h2>Barreras que Enfrentan Algunas Familias Neurodiversas como Resultado de la Disparidad Racial<\/h2>\n<p>El apoyo diagn\u00f3stico y conductual es una consecuencia masiva que enfrentan algunas familias neurodiversas en comunidades espec\u00edficas.<\/p>\n<p>La imposibilidad de adquirir servicios o diagn\u00f3sticos adecuados debido a la disparidad racial tambi\u00e9n puede aumentar la carga financiera de estas familias neurodiversas, lo que puede convertirse en otra barrera. Es posible que las familias tambi\u00e9n tengan que pagar de su bolsillo terapias o herramientas espec\u00edficas debido a los l\u00edmites del seguro y otras circunstancias.<\/p>\n<p>En otros casos, los ni\u00f1os de grupos marginados ubicados en pa\u00edses rurales y desatendidos tienen dificultades en comparaci\u00f3n con sus contrapartes blancas debido a las barreras geogr\u00e1ficas. Esta log\u00edstica puede dificultarles la asistencia a citas o eventos que incluyen la concientizaci\u00f3n sobre los TEA.<\/p>\n<p>Por \u00faltimo, el estigma que rodea a la salud mental en algunas culturas puede impedir que algunos cuidadores busquen ayuda para los s\u00edntomas de autismo de sus hijos, lo que provoca m\u00e1s retrasos en el diagn\u00f3stico y el tratamiento.<\/p>\n<h2>Abordando la Disparidad Racial en la Atenci\u00f3n del Autismo<\/h2>\n<p>Es esencial reconocer que la sociedad puede tomar medidas para abordar la disparidad racial en la atenci\u00f3n del autismo y mejorar el acceso para todas las familias.<\/p>\n<p>Estas incluyen tomar algunas de las siguientes medidas en tu entorno:<\/p>\n<ol>\n<li><strong>Aumentar la Conciencia:<\/strong> Educar a todas las comunidades sobre el autismo y sus primeros signos es crucial para ayudar a promover el diagn\u00f3stico y la intervenci\u00f3n tempranos.<\/li>\n<li><strong>Ofrecer Recursos Culturalmente Receptivos:<\/strong> Ofrecer materiales y recursos culturalmente receptivos en varios idiomas para garantizar que todos los grupos tambi\u00e9n tengan acceso y representaci\u00f3n.<\/li>\n<li><strong>Capacitar a los Profesionales de la Salud en TEA:<\/strong> Los proveedores de atenci\u00f3n m\u00e9dica deben recibir capacitaci\u00f3n en competencia cultural para comprender mejor las necesidades de los diversos pacientes con TEA y brindar una atenci\u00f3n equitativa.<\/li>\n<li><strong>Abogar por un Cambio de Pol\u00edtica:<\/strong> Abogar por pol\u00edticas que promuevan la igualdad de acceso a los servicios de atenci\u00f3n m\u00e9dica para las personas de color, incluida la cobertura de terapias para TEA en <strong><a href=\"https:\/\/www.abacentersnj.com\/es\/blog\/cobertura-de-seguro-de-aba\/\">los planes de seguro<\/a><\/strong>.<\/li>\n<li><strong>Apoya a las Organizaciones Dirigidas por Minor\u00edas:<\/strong> Tambi\u00e9n se puede lograr un impacto positivo apoyando y amplificando a las organizaciones dirigidas por minor\u00edas que trabajan para abordar la disparidad racial en la atenci\u00f3n del autismo.<\/li>\n<li><strong>Promover la Representaci\u00f3n Diversa en la Comunidad del Autismo:<\/strong>\u00a0La representaci\u00f3n de diversas voces y experiencias en la comunidad del autismo puede ayudar a desmantelar los estereotipos in\u00fatiles sobre el TEA y, al mismo tiempo, promover la aceptaci\u00f3n.<\/li>\n<\/ol>\n<h2>Entendiendo la Terapia ABA: El Est\u00e1ndar de Oro para el Tratamiento del Autismo<\/h2>\n<p><strong><a href=\"https:\/\/www.abacentersnj.com\/es\/blog\/10-datos-esenciales-sobre-aba-para-padres-en-new-jersey\/\">La terapia ABA<\/a> <\/strong>es un enfoque respaldado por la investigaci\u00f3n que se enfoca en refinar los comportamientos socialmente significativos, como las habilidades de comunicaci\u00f3n, las habilidades de aprendizaje adaptativo y el autocuidado, en muchas personas en el espectro autista.<\/p>\n<p>La programaci\u00f3n ABA es siempre personal para cada cliente y aborda sus necesidades de manera distinta. Tambi\u00e9n reduce los comportamientos disruptivos o da\u00f1inos al ofrecer a los clientes mejores soluciones para adquirir el mismo acceso.<\/p>\n<h2>\u00bfPor Qu\u00e9 es Importante la Terapia ABA de Intervenci\u00f3n Temprana?<\/h2>\n<p>Las terapias de intervenci\u00f3n temprana para el autismo, incluido el ABA, aprovechan la neuroplasticidad en el cerebro de los ni\u00f1os peque\u00f1os para fomentar el desarrollo y desarrollar habilidades fundamentales de manera m\u00e1s fluida. Esto significa que cuanto antes los ni\u00f1os puedan acceder al apoyo, m\u00e1s avances cl\u00ednicos podr\u00e1n obtener.<\/p>\n<p>Los retrasos en el diagn\u00f3stico a menudo se traducen en la p\u00e9rdida de oportunidades para una intervenci\u00f3n temprana efectiva. Esta falta de intervenci\u00f3n oportuna puede ser particularmente devastadora para los ni\u00f1os subrepresentados que ya enfrentan barreras para acceder a la atenci\u00f3n del autismo.<\/p>\n<h2>Aplicaci\u00f3n de la Competencia Cultural en la Terapia ABA<\/h2>\n<p><strong>La competencia cultural<\/strong> garantiza que las intervenciones para el autismo, incluida la terapia ABA, sean sensibles e inclusivas con las diversas normas y valores culturales.<\/p>\n<p>Por ejemplo, algunos comportamientos vistos como at\u00edpicos en una cultura pueden considerarse normales en otra, como comer con las manos en lugar de con tenedor y cuchara.<\/p>\n<p>Al comprender estos matices, los profesionales de ABA pueden construir relaciones m\u00e1s s\u00f3lidas y desarrollar planes de tratamiento equitativos que sean sensibles a las necesidades de la familia. Tambi\u00e9n pueden asegurarse de que los programas de ABA que ofrecen se alineen con los valores fundamentales de la familia.<\/p>\n<h2>Un Futuro m\u00e1s Brillante para la Atenci\u00f3n Equitativa del Autismo<\/h2>\n<p>Reducir la disparidad racial en la atenci\u00f3n del autismo requiere el esfuerzo colectivo de las familias, los proveedores de atenci\u00f3n m\u00e9dica y los legisladores. Tambi\u00e9n implica reconocer que todos estamos trabajando continuamente por la igualdad y nunca podemos dejar de abogar para que todos obtengan la ayuda que necesitan.<\/p>\n<p>Al romper las barreras sist\u00e9micas y fomentar la competencia cultural en los modelos de atenci\u00f3n m\u00e9dica para los TEA, como la terapia ABA, ayudamos a todos los ni\u00f1os a acceder a la atenci\u00f3n que necesitan.<\/p>\n<p>Por lo tanto, \u00a1contin\u00faa aprendiendo a seguir siendo inclusivo y apoyar a TODOS los ni\u00f1os en el espectro!<\/p>\n<h2>\u00a1M\u00e1s Sobre el Soporte de ABA con ABA Centers of New Jersey!<\/h2>\n<p>En <strong>ABA Centers of New Jersey<\/strong>, ofrecemos servicios <strong><a href=\"https:\/\/www.abacentersnj.com\/es\/servicios-para-el-autismo\/\">terapia ABA<\/a><\/strong> de alta calidad, los cuales son sensibles e inclusivos con los diversos or\u00edgenes culturales.<\/p>\n<p>Entendemos que cada ni\u00f1o en el espectro es \u00fanico y aportar\u00e1 sus talentos, intereses y desaf\u00edos a cada sesi\u00f3n de ABA.<\/p>\n<p>Nuestros profesionales de ABA altamente capacitados reciben formaci\u00f3n continua sobre competencia cultural y siempre crean planes de <strong><a href=\"https:\/\/www.abacentersnj.com\/es\/servicios-para-el-autismo\/terapia-aba-para-ninos\/\">tratamiento de ABA individualizados<\/a><\/strong>. Nuestro objetivo es respetar las necesidades y valores \u00fanicos de cada ni\u00f1o, tom\u00e1ndonos el tiempo para comprender lo que realmente les importa.<\/p>\n<p>Para obtener m\u00e1s informaci\u00f3n sobre la atenci\u00f3n ABA con <strong>ABA Centers of New Jersey<\/strong>, ponte en contacto con nosotros a trav\u00e9s de este <strong><a href=\"https:\/\/www.abacentersnj.com\/es\/contactanos\/\">enlace en l\u00ednea<\/a> <\/strong>o por tel\u00e9fono al (855) 949-1888 hoy mismo.<\/p>\n<p>Juntos, podemos construir un futuro mejor para los ni\u00f1os con autismo de todos los diversos or\u00edgenes. As\u00ed que no dudes en ponerte en contacto con nosotros en <strong>ABA Centers of New Jersey<\/strong> y comenzar tu viaje hoy mismo.<\/p>\n\t\t\t\t\t\t\t\t<\/div>\n\t\t\t\t<\/div>\n\t\t\t\t\t<\/div>\n\t\t<\/div>\n\t\t\t\t\t<\/div>\n\t\t<\/section>\n\t\t\t\t<section class=\"elementor-section elementor-top-section elementor-element elementor-element-971cebf elementor-section-boxed elementor-section-height-default elementor-section-height-default\" data-id=\"971cebf\" data-element_type=\"section\" data-e-type=\"section\">\n\t\t\t\t\t\t<div class=\"elementor-container elementor-column-gap-default\">\n\t\t\t\t\t<div class=\"elementor-column elementor-col-100 elementor-top-column elementor-element elementor-element-438b03a\" data-id=\"438b03a\" data-element_type=\"column\" data-e-type=\"column\">\n\t\t\t<div class=\"elementor-widget-wrap\">\n\t\t\t\t\t\t\t<\/div>\n\t\t<\/div>\n\t\t\t\t\t<\/div>\n\t\t<\/section>\n\t\t\t\t<\/div>","protected":false},"excerpt":{"rendered":"<p>The racial disparity or the gap in autism care that can exist makes it harder for some families to get the support they need, leaving them to ask: Why does racial disparity exist in the autism community? What are the root causes? How can we address this issue and improve access to care for all families?<\/p>","protected":false},"author":10,"featured_media":25114,"comment_status":"closed","ping_status":"open","sticky":false,"template":"","format":"standard","meta":{"site-sidebar-layout":"default","site-content-layout":"","ast-site-content-layout":"default","site-content-style":"default","site-sidebar-style":"default","ast-global-header-display":"","ast-banner-title-visibility":"","ast-main-header-display":"","ast-hfb-above-header-display":"","ast-hfb-below-header-display":"","ast-hfb-mobile-header-display":"","site-post-title":"","ast-breadcrumbs-content":"","ast-featured-img":"","footer-sml-layout":"","theme-transparent-header-meta":"","adv-header-id-meta":"","stick-header-meta":"","header-above-stick-meta":"","header-main-stick-meta":"","header-below-stick-meta":"","astra-migrate-meta-layouts":"set","ast-page-background-enabled":"default","ast-page-background-meta":{"desktop":{"background-color":"","background-image":"","background-repeat":"repeat","background-position":"center center","background-size":"auto","background-attachment":"scroll","background-type":"","background-media":"","overlay-type":"","overlay-color":"","overlay-opacity":"","overlay-gradient":""},"tablet":{"background-color":"","background-image":"","background-repeat":"repeat","background-position":"center center","background-size":"auto","background-attachment":"scroll","background-type":"","background-media":"","overlay-type":"","overlay-color":"","overlay-opacity":"","overlay-gradient":""},"mobile":{"background-color":"","background-image":"","background-repeat":"repeat","background-position":"center center","background-size":"auto","background-attachment":"scroll","background-type":"","background-media":"","overlay-type":"","overlay-color":"","overlay-opacity":"","overlay-gradient":""}},"ast-content-background-meta":{"desktop":{"background-color":"var(--ast-global-color-5)","background-image":"","background-repeat":"repeat","background-position":"center center","background-size":"auto","background-attachment":"scroll","background-type":"","background-media":"","overlay-type":"","overlay-color":"","overlay-opacity":"","overlay-gradient":""},"tablet":{"background-color":"var(--ast-global-color-5)","background-image":"","background-repeat":"repeat","background-position":"center center","background-size":"auto","background-attachment":"scroll","background-type":"","background-media":"","overlay-type":"","overlay-color":"","overlay-opacity":"","overlay-gradient":""},"mobile":{"background-color":"var(--ast-global-color-5)","background-image":"","background-repeat":"repeat","background-position":"center center","background-size":"auto","background-attachment":"scroll","background-type":"","background-media":"","overlay-type":"","overlay-color":"","overlay-opacity":"","overlay-gradient":""}},"footnotes":""},"categories":[15],"tags":[],"class_list":["post-25113","post","type-post","status-publish","format-standard","has-post-thumbnail","hentry","category-blog"],"_links":{"self":[{"href":"https:\/\/www.abacentersnj.com\/es\/wp-json\/wp\/v2\/posts\/25113","targetHints":{"allow":["GET"]}}],"collection":[{"href":"https:\/\/www.abacentersnj.com\/es\/wp-json\/wp\/v2\/posts"}],"about":[{"href":"https:\/\/www.abacentersnj.com\/es\/wp-json\/wp\/v2\/types\/post"}],"author":[{"embeddable":true,"href":"https:\/\/www.abacentersnj.com\/es\/wp-json\/wp\/v2\/users\/10"}],"replies":[{"embeddable":true,"href":"https:\/\/www.abacentersnj.com\/es\/wp-json\/wp\/v2\/comments?post=25113"}],"version-history":[{"count":0,"href":"https:\/\/www.abacentersnj.com\/es\/wp-json\/wp\/v2\/posts\/25113\/revisions"}],"wp:featuredmedia":[{"embeddable":true,"href":"https:\/\/www.abacentersnj.com\/es\/wp-json\/wp\/v2\/media\/25114"}],"wp:attachment":[{"href":"https:\/\/www.abacentersnj.com\/es\/wp-json\/wp\/v2\/media?parent=25113"}],"wp:term":[{"taxonomy":"category","embeddable":true,"href":"https:\/\/www.abacentersnj.com\/es\/wp-json\/wp\/v2\/categories?post=25113"},{"taxonomy":"post_tag","embeddable":true,"href":"https:\/\/www.abacentersnj.com\/es\/wp-json\/wp\/v2\/tags?post=25113"}],"curies":[{"name":"wp","href":"https:\/\/api.w.org\/{rel}","templated":true}]}}